{"id":897,"date":"2021-06-18T06:46:52","date_gmt":"2021-06-18T06:46:52","guid":{"rendered":"https:\/\/voirfilmtv.com\/?p=897"},"modified":"2021-06-18T06:47:30","modified_gmt":"2021-06-18T06:47:30","slug":"black-summer-season-3-date-de-sortie","status":"publish","type":"post","link":"https:\/\/voirfilmtv.com\/es\/black-summer-season-3-date-de-sortie\/897","title":{"rendered":"Black Summer Temporada 3: Fecha de lanzamiento"},"content":{"rendered":"<p><strong>Ha sido una larga espera de dos a\u00f1os, pero finalmente la segunda temporada de Black Summer ha terminado. Despu\u00e9s de una impresionante segunda temporada, los fan\u00e1ticos, incluidos nosotros, esperamos ver una tercera temporada de la precuela de Z-Nation. Este es el comienzo y estamos esperando. <a href=\"https:\/\/netflix.com\" rel=\"nofollow noopener\" target=\"_blank\">Netflix<\/a> tomar una decisi\u00f3n sobre el futuro de Black Summer.<\/strong><\/p>\n<p>&nbsp;<\/p>\n<p>Black Summer es una serie de terror original de Netflix creada por <a href=\"https:\/\/www.imdb.com\/name\/nm0769633\/\" rel=\"nofollow noopener\" target=\"_blank\">Karl Schaefer<\/a> Y <a href=\"https:\/\/www.imdb.com\/name\/nm0404882\/\" rel=\"nofollow noopener\" target=\"_blank\">Juan Hyams<\/a>, y es la precuela de la incre\u00edblemente alocada serie de zombies Z-Nation.<\/p>\n<p>La segunda temporada de Black Summer fue una gran mejora con respecto a la primera. Si hay algo que Black Summer sigue haciendo bien es asegurarse de que cada encuentro con zombies sea aterrador y las confrontaciones con otros sobrevivientes sean extremadamente tensas.<\/p>\n<h3>El tr\u00e1iler<\/h3>\n<p><iframe loading=\"lazy\" title=\"Verano negro: Temporada 2 | Tr\u00e1iler oficial | Netflix\" width=\"1170\" height=\"658\" src=\"https:\/\/www.youtube.com\/embed\/O9-kJB8AVFA?feature=oembed\" frameborder=\"0\" allow=\"accelerometer; autoplay; clipboard-write; encrypted-media; gyroscope; picture-in-picture; web-share\" allowfullscreen><\/iframe><\/p>","protected":false},"excerpt":{"rendered":"<p>Cela a \u00e9t\u00e9 une longue attente de deux ans, mais finalement la deuxi\u00e8me saison de Black Summer est termin\u00e9e. Apr\u00e8s une deuxi\u00e8me saison impressionnante, les fans, y compris nous-m\u00eames, esp\u00e8rent voir une troisi\u00e8me saison de la pr\u00e9quelle de Z-Nation. C&rsquo;est le d\u00e9but et nous attendons que Netlfix prenne une d\u00e9cision sur l&rsquo;avenir de Black Summer. [&hellip;]<\/p>\n","protected":false},"author":1,"featured_media":898,"comment_status":"open","ping_status":"open","sticky":false,"template":"","format":"standard","meta":{"_jetpack_memberships_contains_paid_content":false,"footnotes":""},"categories":[29],"tags":[],"class_list":{"0":"post-897","1":"post","2":"type-post","3":"status-publish","4":"format-standard","5":"has-post-thumbnail","7":"category-actualites"},"jetpack_featured_media_url":"https:\/\/voirfilmtv.com\/wp-content\/uploads\/2021\/06\/black-summer-saison-3-date-de-sortie.png","jetpack_sharing_enabled":true,"_links":{"self":[{"href":"https:\/\/voirfilmtv.com\/es\/wp-json\/wp\/v2\/posts\/897","targetHints":{"allow":["GET"]}}],"collection":[{"href":"https:\/\/voirfilmtv.com\/es\/wp-json\/wp\/v2\/posts"}],"about":[{"href":"https:\/\/voirfilmtv.com\/es\/wp-json\/wp\/v2\/types\/post"}],"author":[{"embeddable":true,"href":"https:\/\/voirfilmtv.com\/es\/wp-json\/wp\/v2\/users\/1"}],"replies":[{"embeddable":true,"href":"https:\/\/voirfilmtv.com\/es\/wp-json\/wp\/v2\/comments?post=897"}],"version-history":[{"count":0,"href":"https:\/\/voirfilmtv.com\/es\/wp-json\/wp\/v2\/posts\/897\/revisions"}],"wp:featuredmedia":[{"embeddable":true,"href":"https:\/\/voirfilmtv.com\/es\/wp-json\/wp\/v2\/media\/898"}],"wp:attachment":[{"href":"https:\/\/voirfilmtv.com\/es\/wp-json\/wp\/v2\/media?parent=897"}],"wp:term":[{"taxonomy":"category","embeddable":true,"href":"https:\/\/voirfilmtv.com\/es\/wp-json\/wp\/v2\/categories?post=897"},{"taxonomy":"post_tag","embeddable":true,"href":"https:\/\/voirfilmtv.com\/es\/wp-json\/wp\/v2\/tags?post=897"}],"curies":[{"name":"gracias","href":"https:\/\/api.w.org\/{rel}","templated":true}]}}