{"id":4777,"date":"2022-10-21T01:05:46","date_gmt":"2022-10-21T01:05:46","guid":{"rendered":"https:\/\/voirfilmtv.com\/?p=4777"},"modified":"2022-10-21T01:05:52","modified_gmt":"2022-10-21T01:05:52","slug":"black-adam","status":"publish","type":"post","link":"https:\/\/voirfilmtv.com\/es\/black-adam\/4777","title":{"rendered":"Transmisi\u00f3n de Black Adam"},"content":{"rendered":"<p>La pel\u00edcula americana <strong>Ad\u00e1n negro <\/strong>est\u00e1 dirigida por el director <strong>Espa\u00f1ol Jaume Collet-Serra<\/strong>, estrenada en 2022. Spin-off de Shazam! (2019), a modo de recordatorio es el 11\u00ba (<em>Und\u00e9cimo<\/em>) pel\u00edcula del universo cinematogr\u00e1fico de DC y presenta al personaje del mismo nombre creado en 1945 por Otto Binder y CC Beck, y concebido como una versi\u00f3n malvada del superh\u00e9roe Shazam.<\/p>\n\n\n\n<p><strong>Sinopsis<\/strong><\/p>\n\n\n\n<p>Casi 5.000 a\u00f1os despu\u00e9s de haber sido imbuido de los poderosos poderes de los dioses egipcios (y encarcelado muy r\u00e1pidamente despu\u00e9s), Black Adam es liberado de su tumba terrenal, listo para traer su marca \u00fanica de justicia al mundo moderno.<\/p>\n\n\n\n<p>Largometraje adaptado de DC Comics y dedicado a Black Adam, enemigo de Shazam.<\/p>\n\n\n\n<p>La pel\u00edcula Black Adam est\u00e1 disponible en Zero Film y Watch Movie HD<\/p>","protected":false},"excerpt":{"rendered":"<p>Le film Am\u00e9ricain Black Adam est r\u00e9alis\u00e9 par le r\u00e9alisateur espagnol Jaume Collet-Serra, sorti en 2022. Spin-off de Shazam ! (2019), pour rappel c&rsquo;est le 11-\u00e8me (Onzi\u00e8me) film de l&rsquo;univers cin\u00e9matographique DC et met en sc\u00e8ne le personnage du m\u00eame nom cr\u00e9\u00e9 en 1945 par Otto Binder et C. C. Beck, et pens\u00e9 comme une [&hellip;]<\/p>\n","protected":false},"author":1,"featured_media":4778,"comment_status":"open","ping_status":"open","sticky":false,"template":"","format":"standard","meta":{"_jetpack_memberships_contains_paid_content":false,"footnotes":""},"categories":[31],"tags":[],"class_list":{"0":"post-4777","1":"post","2":"type-post","3":"status-publish","4":"format-standard","5":"has-post-thumbnail","7":"category-a-regarder"},"jetpack_featured_media_url":"https:\/\/voirfilmtv.com\/wp-content\/uploads\/2022\/10\/black-adam-streaming.jpg","jetpack_sharing_enabled":true,"_links":{"self":[{"href":"https:\/\/voirfilmtv.com\/es\/wp-json\/wp\/v2\/posts\/4777","targetHints":{"allow":["GET"]}}],"collection":[{"href":"https:\/\/voirfilmtv.com\/es\/wp-json\/wp\/v2\/posts"}],"about":[{"href":"https:\/\/voirfilmtv.com\/es\/wp-json\/wp\/v2\/types\/post"}],"author":[{"embeddable":true,"href":"https:\/\/voirfilmtv.com\/es\/wp-json\/wp\/v2\/users\/1"}],"replies":[{"embeddable":true,"href":"https:\/\/voirfilmtv.com\/es\/wp-json\/wp\/v2\/comments?post=4777"}],"version-history":[{"count":0,"href":"https:\/\/voirfilmtv.com\/es\/wp-json\/wp\/v2\/posts\/4777\/revisions"}],"wp:featuredmedia":[{"embeddable":true,"href":"https:\/\/voirfilmtv.com\/es\/wp-json\/wp\/v2\/media\/4778"}],"wp:attachment":[{"href":"https:\/\/voirfilmtv.com\/es\/wp-json\/wp\/v2\/media?parent=4777"}],"wp:term":[{"taxonomy":"category","embeddable":true,"href":"https:\/\/voirfilmtv.com\/es\/wp-json\/wp\/v2\/categories?post=4777"},{"taxonomy":"post_tag","embeddable":true,"href":"https:\/\/voirfilmtv.com\/es\/wp-json\/wp\/v2\/tags?post=4777"}],"curies":[{"name":"gracias","href":"https:\/\/api.w.org\/{rel}","templated":true}]}}