{"id":4753,"date":"2022-10-07T16:19:58","date_gmt":"2022-10-07T16:19:58","guid":{"rendered":"https:\/\/voirfilmtv.com\/?p=4753"},"modified":"2022-10-07T16:20:13","modified_gmt":"2022-10-07T16:20:13","slug":"les-gouts-et-les-couleurs","status":"publish","type":"post","link":"https:\/\/voirfilmtv.com\/es\/les-gouts-et-les-couleurs\/4753","title":{"rendered":"Sabores y colores en streaming"},"content":{"rendered":"<p>Marcia, una joven y apasionada cantante, graba un \u00e1lbum con su \u00eddolo Daredjane, un \u00edcono del rock de los a\u00f1os 70, quien desaparece repentinamente.<\/p>\n\n\n\n<p>Para lanzar su \u00e1lbum, debe convencer al titular de los derechos de Daredjane, Anthony, un comerciante de un peque\u00f1o pueblo a quien nunca le ha gustado su pariente lejano, y mucho menos su m\u00fasica. <\/p>\n\n\n\n<p>Entre el buen y el mal gusto, lo popular y lo chic, la sinceridad y la mentira, sus dos mundos chocan. A menos que sea amor, claro\u2026<\/p>\n\n\n\n<p>Disponible en la aplicaci\u00f3n<\/p>","protected":false},"excerpt":{"rendered":"<p>Marcia, jeune chanteuse passionn\u00e9e, enregistre un album avec son idole Daredjane, ic\u00f4ne rock des ann\u00e9es 1970, qui disparait soudainement.\u202f Pour sortir leur album, elle doit convaincre l\u2019ayant-droit de Daredjane, Anthony, placier sur le march\u00e9 d\u2019une petite ville, qui n\u2019a jamais aim\u00e9 sa lointaine parente et encore moins sa musique. Entre le bon et le mauvais [&hellip;]<\/p>\n","protected":false},"author":1,"featured_media":4754,"comment_status":"open","ping_status":"open","sticky":false,"template":"","format":"standard","meta":{"_jetpack_memberships_contains_paid_content":false,"footnotes":""},"categories":[1],"tags":[],"class_list":{"0":"post-4753","1":"post","2":"type-post","3":"status-publish","4":"format-standard","5":"has-post-thumbnail","7":"category-uncategorized"},"jetpack_featured_media_url":"https:\/\/voirfilmtv.com\/wp-content\/uploads\/2022\/10\/Les-Gouts-et-les-Couleurs.jpg","jetpack_sharing_enabled":true,"_links":{"self":[{"href":"https:\/\/voirfilmtv.com\/es\/wp-json\/wp\/v2\/posts\/4753","targetHints":{"allow":["GET"]}}],"collection":[{"href":"https:\/\/voirfilmtv.com\/es\/wp-json\/wp\/v2\/posts"}],"about":[{"href":"https:\/\/voirfilmtv.com\/es\/wp-json\/wp\/v2\/types\/post"}],"author":[{"embeddable":true,"href":"https:\/\/voirfilmtv.com\/es\/wp-json\/wp\/v2\/users\/1"}],"replies":[{"embeddable":true,"href":"https:\/\/voirfilmtv.com\/es\/wp-json\/wp\/v2\/comments?post=4753"}],"version-history":[{"count":0,"href":"https:\/\/voirfilmtv.com\/es\/wp-json\/wp\/v2\/posts\/4753\/revisions"}],"wp:featuredmedia":[{"embeddable":true,"href":"https:\/\/voirfilmtv.com\/es\/wp-json\/wp\/v2\/media\/4754"}],"wp:attachment":[{"href":"https:\/\/voirfilmtv.com\/es\/wp-json\/wp\/v2\/media?parent=4753"}],"wp:term":[{"taxonomy":"category","embeddable":true,"href":"https:\/\/voirfilmtv.com\/es\/wp-json\/wp\/v2\/categories?post=4753"},{"taxonomy":"post_tag","embeddable":true,"href":"https:\/\/voirfilmtv.com\/es\/wp-json\/wp\/v2\/tags?post=4753"}],"curies":[{"name":"gracias","href":"https:\/\/api.w.org\/{rel}","templated":true}]}}