{"id":4629,"date":"2022-09-19T01:52:03","date_gmt":"2022-09-19T01:52:03","guid":{"rendered":"https:\/\/voirfilmtv.com\/?p=4629"},"modified":"2022-09-19T01:52:06","modified_gmt":"2022-09-19T01:52:06","slug":"500-metres-sous-terre","status":"publish","type":"post","link":"https:\/\/voirfilmtv.com\/es\/500-metres-sous-terre\/4629","title":{"rendered":"500 metros bajo tierra"},"content":{"rendered":"<p>Dong-won y su familia finalmente se mudaron a su nueva casa, comprada despu\u00e9s de a\u00f1os de ahorrar. Pero las lluvias torrenciales provocaron un deslizamiento de tierra y el edificio fue tragado por un sumidero en medio de una fiesta de inauguraci\u00f3n. <\/p>\n\n\n\n<p>Aislados a cientos de metros bajo tierra, Dong-won y sus invitados tienen poco tiempo para regresar a la superficie...<\/p>\n\n\n\n<p>Disponible en la aplicaci\u00f3n<\/p>","protected":false},"excerpt":{"rendered":"<p>Dong-won et sa famille viennent enfin de s\u2019installer dans leur nouvelle maison, achet\u00e9e apr\u00e8s des ann\u00e9es d\u2019\u00e9conomie. Mais des pluies diluviennes cr\u00e9ent un glissement de terrain et le b\u00e2timent est englouti dans un gouffre en pleine pendaison de cr\u00e9maill\u00e8re. Isol\u00e9s \u00e0 des centaines de m\u00e8tres sous terre, Dong-won et ses invit\u00e9s ont peu de temps [&hellip;]<\/p>\n","protected":false},"author":1,"featured_media":4630,"comment_status":"open","ping_status":"open","sticky":false,"template":"","format":"standard","meta":{"_jetpack_memberships_contains_paid_content":false,"footnotes":""},"categories":[1],"tags":[],"class_list":{"0":"post-4629","1":"post","2":"type-post","3":"status-publish","4":"format-standard","5":"has-post-thumbnail","7":"category-uncategorized"},"jetpack_featured_media_url":"https:\/\/voirfilmtv.com\/wp-content\/uploads\/2022\/09\/500-metres-sous-terre.jpg","jetpack_sharing_enabled":true,"_links":{"self":[{"href":"https:\/\/voirfilmtv.com\/es\/wp-json\/wp\/v2\/posts\/4629","targetHints":{"allow":["GET"]}}],"collection":[{"href":"https:\/\/voirfilmtv.com\/es\/wp-json\/wp\/v2\/posts"}],"about":[{"href":"https:\/\/voirfilmtv.com\/es\/wp-json\/wp\/v2\/types\/post"}],"author":[{"embeddable":true,"href":"https:\/\/voirfilmtv.com\/es\/wp-json\/wp\/v2\/users\/1"}],"replies":[{"embeddable":true,"href":"https:\/\/voirfilmtv.com\/es\/wp-json\/wp\/v2\/comments?post=4629"}],"version-history":[{"count":0,"href":"https:\/\/voirfilmtv.com\/es\/wp-json\/wp\/v2\/posts\/4629\/revisions"}],"wp:featuredmedia":[{"embeddable":true,"href":"https:\/\/voirfilmtv.com\/es\/wp-json\/wp\/v2\/media\/4630"}],"wp:attachment":[{"href":"https:\/\/voirfilmtv.com\/es\/wp-json\/wp\/v2\/media?parent=4629"}],"wp:term":[{"taxonomy":"category","embeddable":true,"href":"https:\/\/voirfilmtv.com\/es\/wp-json\/wp\/v2\/categories?post=4629"},{"taxonomy":"post_tag","embeddable":true,"href":"https:\/\/voirfilmtv.com\/es\/wp-json\/wp\/v2\/tags?post=4629"}],"curies":[{"name":"gracias","href":"https:\/\/api.w.org\/{rel}","templated":true}]}}