{"id":4566,"date":"2022-09-08T00:35:54","date_gmt":"2022-09-08T00:35:54","guid":{"rendered":"https:\/\/voirfilmtv.com\/?p=4566"},"modified":"2022-09-08T00:42:30","modified_gmt":"2022-09-08T00:42:30","slug":"le-garcon-au-pyjama-raye","status":"publish","type":"post","link":"https:\/\/voirfilmtv.com\/es\/le-garcon-au-pyjama-raye\/4566","title":{"rendered":"El ni\u00f1o con el pijama de rayas"},"content":{"rendered":"<p>Segunda Guerra Mundial. Bruno ten\u00eda tan s\u00f3lo 9 a\u00f1os cuando su padre, un oficial nazi detectado por el F\u00fchrer, recibi\u00f3 el mando del campo de concentraci\u00f3n polaco de Auschwitz. <\/p>\n\n\n\n<p>El peque\u00f1o ni\u00f1o no aprecia tener que abandonar la hermosa y gran casa de Berl\u00edn para encontrarse en una vivienda aislada y triste. <\/p>\n\n\n\n<p>Desde su habitaci\u00f3n, ve hombres, mujeres y ni\u00f1os, todos vestidos con pijamas de rayas. Nadie le explica qui\u00e9nes son, pero con la ayuda de la inocencia, se hace amigo de un ni\u00f1o jud\u00edo...<\/p>\n\n\n\n<p>Disponible en la aplicaci\u00f3n<\/p>","protected":false},"excerpt":{"rendered":"<p>Seconde Guerre mondiale. Bruno a tout juste 9 ans lorsque son p\u00e8re, un officier nazi remarqu\u00e9 par le F\u00fchrer, se voit confier le commandement du camp de concentration polonais d&rsquo;Auschwitz. Le petit gar\u00e7on n&rsquo;appr\u00e9cie gu\u00e8re de devoir quitter la belle et grande maison de Berlin pour se retrouver dans une demeure isol\u00e9e et triste. De [&hellip;]<\/p>\n","protected":false},"author":1,"featured_media":4569,"comment_status":"open","ping_status":"open","sticky":false,"template":"","format":"standard","meta":{"_jetpack_memberships_contains_paid_content":false,"footnotes":""},"categories":[1],"tags":[],"class_list":{"0":"post-4566","1":"post","2":"type-post","3":"status-publish","4":"format-standard","5":"has-post-thumbnail","7":"category-uncategorized"},"jetpack_featured_media_url":"https:\/\/voirfilmtv.com\/wp-content\/uploads\/2022\/09\/Le-Garcon-au-Pyjama-raye.jpg","jetpack_sharing_enabled":true,"_links":{"self":[{"href":"https:\/\/voirfilmtv.com\/es\/wp-json\/wp\/v2\/posts\/4566","targetHints":{"allow":["GET"]}}],"collection":[{"href":"https:\/\/voirfilmtv.com\/es\/wp-json\/wp\/v2\/posts"}],"about":[{"href":"https:\/\/voirfilmtv.com\/es\/wp-json\/wp\/v2\/types\/post"}],"author":[{"embeddable":true,"href":"https:\/\/voirfilmtv.com\/es\/wp-json\/wp\/v2\/users\/1"}],"replies":[{"embeddable":true,"href":"https:\/\/voirfilmtv.com\/es\/wp-json\/wp\/v2\/comments?post=4566"}],"version-history":[{"count":0,"href":"https:\/\/voirfilmtv.com\/es\/wp-json\/wp\/v2\/posts\/4566\/revisions"}],"wp:featuredmedia":[{"embeddable":true,"href":"https:\/\/voirfilmtv.com\/es\/wp-json\/wp\/v2\/media\/4569"}],"wp:attachment":[{"href":"https:\/\/voirfilmtv.com\/es\/wp-json\/wp\/v2\/media?parent=4566"}],"wp:term":[{"taxonomy":"category","embeddable":true,"href":"https:\/\/voirfilmtv.com\/es\/wp-json\/wp\/v2\/categories?post=4566"},{"taxonomy":"post_tag","embeddable":true,"href":"https:\/\/voirfilmtv.com\/es\/wp-json\/wp\/v2\/tags?post=4566"}],"curies":[{"name":"gracias","href":"https:\/\/api.w.org\/{rel}","templated":true}]}}