{"id":4538,"date":"2022-08-31T23:40:21","date_gmt":"2022-08-31T23:40:21","guid":{"rendered":"https:\/\/voirfilmtv.com\/?p=4538"},"modified":"2022-08-31T23:40:31","modified_gmt":"2022-08-31T23:40:31","slug":"la-derive-des-continents-au-sud","status":"publish","type":"post","link":"https:\/\/voirfilmtv.com\/es\/la-derive-des-continents-au-sud\/4538","title":{"rendered":"Deriva continental (sur)"},"content":{"rendered":"<p>Nathalie Adler est\u00e1 en misi\u00f3n de la Uni\u00f3n Europea en Sicilia. Es, en particular, responsable de organizar la pr\u00f3xima visita de Macron y Merkel a un campamento de migrantes. <\/p>\n\n\n\n<p>Presencia con alto valor simb\u00f3lico, para demostrar que todo est\u00e1 bajo control. \u00bfPero qui\u00e9n quiere creer todav\u00eda en esta familia europea al borde de un colapso nervioso? <\/p>\n\n\n\n<p>Probablemente no sea Albert, el hijo de Nathalie, un activista de una ONG que llega sin avisar pese a que cort\u00f3 v\u00ednculos con ella hace a\u00f1os. <\/p>\n\n\n\n<p>Su reencuentro ser\u00e1 m\u00e1s explosivo que este viaje diplom\u00e1tico...<\/p>\n\n\n\n<p><\/p>","protected":false},"excerpt":{"rendered":"<p>Nathalie Adler est en mission pour l\u2019Union Europ\u00e9enne en Sicile. Elle est notamment charg\u00e9e d\u2019organiser la prochaine visite de Macron et Merkel dans un camp de migrants. Pr\u00e9sence \u00e0 haute valeur symbolique, afin de montrer que tout est sous contr\u00f4le. Mais qui a encore envie de croire en cette famille europ\u00e9enne au bord de la [&hellip;]<\/p>\n","protected":false},"author":1,"featured_media":0,"comment_status":"open","ping_status":"open","sticky":false,"template":"","format":"standard","meta":{"_jetpack_memberships_contains_paid_content":false,"footnotes":""},"categories":[1],"tags":[],"class_list":{"0":"post-4538","1":"post","2":"type-post","3":"status-publish","4":"format-standard","6":"category-uncategorized"},"jetpack_featured_media_url":"","jetpack_sharing_enabled":true,"_links":{"self":[{"href":"https:\/\/voirfilmtv.com\/es\/wp-json\/wp\/v2\/posts\/4538","targetHints":{"allow":["GET"]}}],"collection":[{"href":"https:\/\/voirfilmtv.com\/es\/wp-json\/wp\/v2\/posts"}],"about":[{"href":"https:\/\/voirfilmtv.com\/es\/wp-json\/wp\/v2\/types\/post"}],"author":[{"embeddable":true,"href":"https:\/\/voirfilmtv.com\/es\/wp-json\/wp\/v2\/users\/1"}],"replies":[{"embeddable":true,"href":"https:\/\/voirfilmtv.com\/es\/wp-json\/wp\/v2\/comments?post=4538"}],"version-history":[{"count":0,"href":"https:\/\/voirfilmtv.com\/es\/wp-json\/wp\/v2\/posts\/4538\/revisions"}],"wp:attachment":[{"href":"https:\/\/voirfilmtv.com\/es\/wp-json\/wp\/v2\/media?parent=4538"}],"wp:term":[{"taxonomy":"category","embeddable":true,"href":"https:\/\/voirfilmtv.com\/es\/wp-json\/wp\/v2\/categories?post=4538"},{"taxonomy":"post_tag","embeddable":true,"href":"https:\/\/voirfilmtv.com\/es\/wp-json\/wp\/v2\/tags?post=4538"}],"curies":[{"name":"gracias","href":"https:\/\/api.w.org\/{rel}","templated":true}]}}