{"id":4098,"date":"2022-05-30T23:19:21","date_gmt":"2022-05-30T23:19:21","guid":{"rendered":"https:\/\/voirfilmtv.com\/?p=4098"},"modified":"2022-06-07T08:46:20","modified_gmt":"2022-06-07T08:46:20","slug":"ima-streaming","status":"publish","type":"post","link":"https:\/\/voirfilmtv.com\/es\/ima-streaming\/4098","title":{"rendered":"Transmisi\u00f3n de IMA (Dadju)"},"content":{"rendered":"<p>La pel\u00edcula Ima de Dadju, un m\u00fasico franc\u00e9s de origen congole\u00f1o... Dadju va a Kinshasa, la ciudad de su infancia, para dar un concierto dentro de unos d\u00edas. Laetitia, una de sus mayores fans, sue\u00f1a con asistir pero el concierto est\u00e1 agotado. Luego le ruega a su padre que utilice las conexiones de su jefe Yavan, un hombre de negocios poderoso y rico, para encontrarle trabajo.<\/p>\n<p>Convence a Dadju para que realice un concierto privado en su propiedad, con la esperanza de seducir a la hermana de Laetitia, la cautivadora Ima. Pero durante el concierto, Dadju se enamor\u00f3 a primera vista y no apart\u00f3 los ojos de Ima...<\/p>\n<h2>El mensaje de Dadju para IMA<\/h2>\n<blockquote><p>Esto es lo que llamamos escribir la historia con calma. Colocar esta pel\u00edcula realizada en Kinshasa con 90% congole\u00f1os delante y detr\u00e1s de la c\u00e1mara en el n\u00famero 1 de \u00c1frica y en el top 10 de la taquilla francesa significa mucho. Espero que los mensajes y valores de la pel\u00edcula te hayan conmovido.<\/p><\/blockquote>\n<p>Enlace de la pel\u00edcula:\u00a0<a href=\"https:\/\/voirfilmtv.com\/es\/Zero\/ImaBshr2018\/\">Abrir en la aplicaci\u00f3n<\/a><\/p>\n<p>N\u00d3TESE BIEN:\u00a0<strong>Debes tener\u00a0<a href=\"https:\/\/voirfilmtv.com\/es\/telecharger-zero-film\/3393\/\">Pel\u00edcula cero<\/a>\u00a0para abrir este contenido en la aplicaci\u00f3n<\/strong><\/p>\n<h2>La pel\u00edcula Ima: Tr\u00e1iler<\/h2>\n<p><iframe loading=\"lazy\" title=\"Tr\u00e1iler de IMA (2022) Dadju\" width=\"1170\" height=\"658\" src=\"https:\/\/www.youtube.com\/embed\/K_UjlHGYEaA?feature=oembed\" frameborder=\"0\" allow=\"accelerometer; autoplay; clipboard-write; encrypted-media; gyroscope; picture-in-picture; web-share\" allowfullscreen><\/iframe><\/p>","protected":false},"excerpt":{"rendered":"<p>Le film Ima de Dadju, artiste musicien fran\u00e7ais d&rsquo;origine Congolaise&#8230; Dadju se rend \u00e0 Kinshasa, la ville de son enfance, pour donner un concert dans quelques jours. Laetitia, une de ses plus grandes fans, r\u00eave d\u2019y assister mais le concert affiche complet. Elle supplie alors son p\u00e8re de jouer des connexions de son patron Yavan, [&hellip;]<\/p>\n","protected":false},"author":1,"featured_media":4099,"comment_status":"open","ping_status":"closed","sticky":false,"template":"","format":"standard","meta":{"_jetpack_memberships_contains_paid_content":false,"footnotes":""},"categories":[31,21],"tags":[],"class_list":{"0":"post-4098","1":"post","2":"type-post","3":"status-publish","4":"format-standard","5":"has-post-thumbnail","7":"category-a-regarder","8":"category-coming-soon"},"jetpack_featured_media_url":"https:\/\/voirfilmtv.com\/wp-content\/uploads\/2022\/05\/f978603cf1aa6e3cfdc45f96192dc873.jpg","jetpack_sharing_enabled":true,"_links":{"self":[{"href":"https:\/\/voirfilmtv.com\/es\/wp-json\/wp\/v2\/posts\/4098","targetHints":{"allow":["GET"]}}],"collection":[{"href":"https:\/\/voirfilmtv.com\/es\/wp-json\/wp\/v2\/posts"}],"about":[{"href":"https:\/\/voirfilmtv.com\/es\/wp-json\/wp\/v2\/types\/post"}],"author":[{"embeddable":true,"href":"https:\/\/voirfilmtv.com\/es\/wp-json\/wp\/v2\/users\/1"}],"replies":[{"embeddable":true,"href":"https:\/\/voirfilmtv.com\/es\/wp-json\/wp\/v2\/comments?post=4098"}],"version-history":[{"count":0,"href":"https:\/\/voirfilmtv.com\/es\/wp-json\/wp\/v2\/posts\/4098\/revisions"}],"wp:featuredmedia":[{"embeddable":true,"href":"https:\/\/voirfilmtv.com\/es\/wp-json\/wp\/v2\/media\/4099"}],"wp:attachment":[{"href":"https:\/\/voirfilmtv.com\/es\/wp-json\/wp\/v2\/media?parent=4098"}],"wp:term":[{"taxonomy":"category","embeddable":true,"href":"https:\/\/voirfilmtv.com\/es\/wp-json\/wp\/v2\/categories?post=4098"},{"taxonomy":"post_tag","embeddable":true,"href":"https:\/\/voirfilmtv.com\/es\/wp-json\/wp\/v2\/tags?post=4098"}],"curies":[{"name":"gracias","href":"https:\/\/api.w.org\/{rel}","templated":true}]}}