{"id":5966,"date":"2023-12-24T20:47:04","date_gmt":"2023-12-24T19:47:04","guid":{"rendered":"https:\/\/voirfilmtv.com\/?p=5966"},"modified":"2023-12-24T20:47:04","modified_gmt":"2023-12-24T19:47:04","slug":"aquaman-peter-safran-fait-le-point-sur-lavenir-de-jason-momoa","status":"publish","type":"post","link":"https:\/\/voirfilmtv.com\/en\/aquaman-peter-safran-fait-le-point-sur-lavenir-de-jason-momoa\/5966","title":{"rendered":"Aquaman: Peter Safran gives an update on Jason Momoa&#039;s future"},"content":{"rendered":"<p>The success of the James Wan-directed Aquaman sequel led some to believe that Jason Momoa would leave the series, but while even the actor continues to suggest that his tenure as the lead Aquaman actor may be over, DC Studios co-CEO Peter Safran has just clarified things by stating that the actor will still have a home in the DC Universe.<\/p>\n<p>In an interview with <strong>The Independent<\/strong>, Safran was asked about Momoa and said that &quot;we&#039;ll see&quot; what happens with his role as Aquaman in the DCU. However, Safran kept the door open for future roles, noting that Momoa has always had a home at Warner Bros.<\/p>\n<p>\u201cWe\u2019ll see what happens with him beyond that. I know Jason will always have a home at DC and Warner Bros. In fact, his next movie is Minecraft,\u201d Safran said, while noting that \u201cIf this is the end of the journey, fine. If it continues, that\u2019s also fine. What I hope is that people will really be there to support him on this journey.\u201d<\/p>\n<p>Safran&#039;s comments come just days after Momoa appeared to say goodbye to the character at a fan event Monday at The Grove in Los Angeles. Ahead of the fan screening of the film, Momoa said it might be the &quot;last time&quot; he and director James Wan would ever take the stage.<\/p>\n<p>Earlier this month, Momoa also acknowledged that it didn&#039;t look &quot;very good&quot; when asked about his future as Aquaman. Despite this, rumors and reports still suggest that Momoa will remain in the DCU, just as a different character.<\/p>","protected":false},"excerpt":{"rendered":"<p>La r\u00e9ussite de la suite Aquaman r\u00e9alis\u00e9 par James Wan fesait \u00e0 croire \u00e0 certaines personnes que Jason Momoa quitterait la Saga, alors que m\u00eame l&rsquo;acteur continu continue de laisser croire que son mandat en tant qu&rsquo;acteur principal Aquaman est peut-\u00eatre termin\u00e9, le co-PDG de DC Studios, Peter Safran, vient de clarifier les choses en [&hellip;]<\/p>\n","protected":false},"author":1,"featured_media":5970,"comment_status":"open","ping_status":"open","sticky":false,"template":"","format":"standard","meta":{"_jetpack_memberships_contains_paid_content":false,"footnotes":""},"categories":[1],"tags":[],"class_list":{"0":"post-5966","1":"post","2":"type-post","3":"status-publish","4":"format-standard","5":"has-post-thumbnail","7":"category-uncategorized"},"jetpack_featured_media_url":"https:\/\/voirfilmtv.com\/wp-content\/uploads\/2023\/12\/Jason-momoa-DC-comics.jpg","jetpack_sharing_enabled":true,"_links":{"self":[{"href":"https:\/\/voirfilmtv.com\/en\/wp-json\/wp\/v2\/posts\/5966","targetHints":{"allow":["GET"]}}],"collection":[{"href":"https:\/\/voirfilmtv.com\/en\/wp-json\/wp\/v2\/posts"}],"about":[{"href":"https:\/\/voirfilmtv.com\/en\/wp-json\/wp\/v2\/types\/post"}],"author":[{"embeddable":true,"href":"https:\/\/voirfilmtv.com\/en\/wp-json\/wp\/v2\/users\/1"}],"replies":[{"embeddable":true,"href":"https:\/\/voirfilmtv.com\/en\/wp-json\/wp\/v2\/comments?post=5966"}],"version-history":[{"count":0,"href":"https:\/\/voirfilmtv.com\/en\/wp-json\/wp\/v2\/posts\/5966\/revisions"}],"wp:featuredmedia":[{"embeddable":true,"href":"https:\/\/voirfilmtv.com\/en\/wp-json\/wp\/v2\/media\/5970"}],"wp:attachment":[{"href":"https:\/\/voirfilmtv.com\/en\/wp-json\/wp\/v2\/media?parent=5966"}],"wp:term":[{"taxonomy":"category","embeddable":true,"href":"https:\/\/voirfilmtv.com\/en\/wp-json\/wp\/v2\/categories?post=5966"},{"taxonomy":"post_tag","embeddable":true,"href":"https:\/\/voirfilmtv.com\/en\/wp-json\/wp\/v2\/tags?post=5966"}],"curies":[{"name":"wp","href":"https:\/\/api.w.org\/{rel}","templated":true}]}}