{"id":4566,"date":"2022-09-08T00:35:54","date_gmt":"2022-09-08T00:35:54","guid":{"rendered":"https:\/\/voirfilmtv.com\/?p=4566"},"modified":"2022-09-08T00:42:30","modified_gmt":"2022-09-08T00:42:30","slug":"le-garcon-au-pyjama-raye","status":"publish","type":"post","link":"https:\/\/voirfilmtv.com\/en\/le-garcon-au-pyjama-raye\/4566","title":{"rendered":"The Boy in the Striped Pajamas"},"content":{"rendered":"<p>World War II. Bruno was just 9 years old when his father, a Nazi officer noticed by the F\u00fchrer, was entrusted with command of the Polish concentration camp of Auschwitz. <\/p>\n\n\n\n<p>The little boy does not appreciate having to leave the beautiful, large house in Berlin to find himself in an isolated and sad dwelling. <\/p>\n\n\n\n<p>From his room, he sees men, women, and children all dressed in striped pajamas. No one explains who they are, but with the help of innocence, he becomes friends with a Jewish child...<\/p>\n\n\n\n<p>Available in the app<\/p>","protected":false},"excerpt":{"rendered":"<p>Seconde Guerre mondiale. Bruno a tout juste 9 ans lorsque son p\u00e8re, un officier nazi remarqu\u00e9 par le F\u00fchrer, se voit confier le commandement du camp de concentration polonais d&rsquo;Auschwitz. Le petit gar\u00e7on n&rsquo;appr\u00e9cie gu\u00e8re de devoir quitter la belle et grande maison de Berlin pour se retrouver dans une demeure isol\u00e9e et triste. De [&hellip;]<\/p>\n","protected":false},"author":1,"featured_media":4569,"comment_status":"open","ping_status":"open","sticky":false,"template":"","format":"standard","meta":{"_jetpack_memberships_contains_paid_content":false,"footnotes":""},"categories":[1],"tags":[],"class_list":{"0":"post-4566","1":"post","2":"type-post","3":"status-publish","4":"format-standard","5":"has-post-thumbnail","7":"category-uncategorized"},"jetpack_featured_media_url":"https:\/\/voirfilmtv.com\/wp-content\/uploads\/2022\/09\/Le-Garcon-au-Pyjama-raye.jpg","jetpack_sharing_enabled":true,"_links":{"self":[{"href":"https:\/\/voirfilmtv.com\/en\/wp-json\/wp\/v2\/posts\/4566","targetHints":{"allow":["GET"]}}],"collection":[{"href":"https:\/\/voirfilmtv.com\/en\/wp-json\/wp\/v2\/posts"}],"about":[{"href":"https:\/\/voirfilmtv.com\/en\/wp-json\/wp\/v2\/types\/post"}],"author":[{"embeddable":true,"href":"https:\/\/voirfilmtv.com\/en\/wp-json\/wp\/v2\/users\/1"}],"replies":[{"embeddable":true,"href":"https:\/\/voirfilmtv.com\/en\/wp-json\/wp\/v2\/comments?post=4566"}],"version-history":[{"count":0,"href":"https:\/\/voirfilmtv.com\/en\/wp-json\/wp\/v2\/posts\/4566\/revisions"}],"wp:featuredmedia":[{"embeddable":true,"href":"https:\/\/voirfilmtv.com\/en\/wp-json\/wp\/v2\/media\/4569"}],"wp:attachment":[{"href":"https:\/\/voirfilmtv.com\/en\/wp-json\/wp\/v2\/media?parent=4566"}],"wp:term":[{"taxonomy":"category","embeddable":true,"href":"https:\/\/voirfilmtv.com\/en\/wp-json\/wp\/v2\/categories?post=4566"},{"taxonomy":"post_tag","embeddable":true,"href":"https:\/\/voirfilmtv.com\/en\/wp-json\/wp\/v2\/tags?post=4566"}],"curies":[{"name":"wp","href":"https:\/\/api.w.org\/{rel}","templated":true}]}}